{"id":398,"date":"2019-11-20T17:41:35","date_gmt":"2019-11-20T17:41:35","guid":{"rendered":"http:\/\/codex21.gal\/?p=398"},"modified":"2019-11-20T17:41:35","modified_gmt":"2019-11-20T17:41:35","slug":"o-ix-centenario-do-inicio-do-codice-calixtino-e-o-curioso-paralelismo-co-xacobeo-2021","status":"publish","type":"post","link":"https:\/\/galike.net\/codex21\/2019\/11\/20\/o-ix-centenario-do-inicio-do-codice-calixtino-e-o-curioso-paralelismo-co-xacobeo-2021\/","title":{"rendered":"O IX Centenario do Inicio do C\u00f3dice Calixtino e o curioso paralelismo co Xacobeo 2021"},"content":{"rendered":"<figure id=\"attachment_918\" class=\"thumbnail wp-caption alignleft\" style=\"width: 400px\"><img loading=\"lazy\" decoding=\"async\" class=\"wp-image-918\" src=\"https:\/\/galike.net\/codex21s\/wp-content\/uploads\/sites\/9\/2019\/11\/cc-by-sa-30-p-lameiro-porta-praterias-663x1024.jpg\" alt=\"\" width=\"400\" height=\"617\" srcset=\"https:\/\/galike.net\/codex21\/wp-content\/uploads\/sites\/9\/2019\/11\/cc-by-sa-30-p-lameiro-porta-praterias-663x1024.jpg 663w, https:\/\/galike.net\/codex21\/wp-content\/uploads\/sites\/9\/2019\/11\/cc-by-sa-30-p-lameiro-porta-praterias-194x300.jpg 194w, https:\/\/galike.net\/codex21\/wp-content\/uploads\/sites\/9\/2019\/11\/cc-by-sa-30-p-lameiro-porta-praterias-768x1185.jpg 768w, https:\/\/galike.net\/codex21\/wp-content\/uploads\/sites\/9\/2019\/11\/cc-by-sa-30-p-lameiro-porta-praterias.jpg 900w\" sizes=\"auto, (max-width: 400px) 100vw, 400px\" \/><figcaption class=\"caption wp-caption-text\">Foto: P. Lameiro &#8211; Empregada con licencia CC BY-SA 3.0<\/figcaption><\/figure>\n<p class=\"p1\"><span class=\"s1\">O <i>Liber Sancti Iacobi<\/i>, conservado na catedral de Santiago, foi composto entre 1140 e 1160, mais \u00e9 a copia dun texto anterior que se ter\u00eda comezado a redactar a inicios da d\u00e9cada de 1120, segundo alg\u00fans estudosos. A s\u00faa creaci\u00f3n foi coordinada por Diego Xelm\u00edrez, primeiro arcebispo de Compostela, como parte das acci\u00f3ns para prestixiar a s\u00e9 compostel\u00e1 e darlle un novo pulo ao Cami\u00f1o de Santiago. <\/span><\/p>\n<p class=\"p1\"><span class=\"s1\">En tempos de Xelm\u00edrez, xa hab\u00eda 300 anos que exist\u00edan as rutas xacobeas. Pero o aspirante a arcebispo arelaba converter a cidade nun centro espiritual de primeira orde en todo o mundo cristi\u00e1n. Conseguiuno grazas aos seus contactos co papa Calixto II, irm\u00e1n de Raimundo de Borgo\u00f1a, conde de Galicia en tempos de Xelm\u00edrez. Esta estreita relaci\u00f3n cos borgo\u00f1\u00f3ns facilitou tam\u00e9n a chegada a Santiago dun nutrido grupo de monxes da abad\u00eda de Cluny, que colaboraron na creaci\u00f3n do c\u00f3dice e trouxeron novas ideas \u00e1 cidade. O papa Calixto II concedeu a categor\u00eda de s\u00e9 apost\u00f3lica a Santiago no ano 1120, e declarou o 1122 o primeiro Ano Xubilar. Neste contexto, fac\u00eda falta establecer de xeito definitivo aspectos da liturxia e da tradici\u00f3n xacobea, ata ent\u00f3n inspirada nun amplo grupo de lendas as veces contraditorias entre si. Foi precisamente para marcar estes canons e fixar os aspectos clave do culto a Santiago, para o que Xelm\u00edrez encargou aos monxes cluniacienses a creaci\u00f3n do C\u00f3dice Calixtino.<\/span><\/p>\n<p class=\"p1\"><span class=\"s1\">Tendo en conta as datas comentadas, o Xacobeo de 2021 \u00e9 o m\u00e1is pr\u00f3ximo a unha tripla efem\u00e9ride: c\u00famprense aproximadamente 900 anos do inicio dos traballos no c\u00f3dice, 899 dende o primeiro Ano Santo e 901 desde a elevaci\u00f3n de Compostela a s\u00e9 metropolitana. Ademais, hai un interesante paralelismo entre aquel tempo e o presente: se en tempos de Xelm\u00edrez o Cami\u00f1o de Santiago adquiriu unha nova dimensi\u00f3n, probablemente iniciada co ascenso do catoirense ao cargo de administrador da di\u00f3cese en 1093, no ano 1993 o Xacobeo proxectouse al\u00e9n do feito relixioso para se transformar nun fen\u00f3meno cultural a nivel internacional. Do mesmo xeito que a celebraci\u00f3n do primeiro Ano Xubilar en 1122 lle conferiu unha maior transcendencia \u00e1s peregrinaci\u00f3ns a Santiago; para o 2021 a Xunta decidiu afondar na nova significaci\u00f3n do Xacobeo para achegalo \u00e1 sociedade do s\u00e9culo XXI. <\/span><\/p>\n<p class=\"p1\"><span class=\"s1\">As\u00ed pois, al\u00ed onde o C\u00f3dice Calixtino orixinal tratou de estandarizar unha tradici\u00f3n dispersa, CodeX21 (salvando as distancias), trata de unificar e dar coherencia a un material lendario disperso e fragmentado, que enriqueza e potencie a experiencia da peregrinaci\u00f3n e a prolongue nunha viaxe ma\u00eds al\u00f3 de Compostela. Para elo, proponse ir al\u00e9n do feito relixioso e aqu\u00e9n do episodio hist\u00f3rico do achado do sepulcro, para centrarse nas ra\u00edces do Cami\u00f1o, na terra \u00e1 que chegan os disc\u00edpulos do Ap\u00f3stolo, nese mundo que aparece como o transfondo dunha antiga haxiograf\u00eda pero que garda un misterioso significado de seu. O obxectivo \u00e9 profundar nos dominios da ra\u00ed\u00f1a Lupa e do rei de Duio, nun espazo ao mesmo tempo m\u00edtico e real, pasado e contempor\u00e1neo, ao que se deu o nome de <i>Terraloba<\/i>. Deste xeito, CodeX21 pon o foco no reverso do relato, na enigm\u00e1tica Lupa, quen, se ben cede un terreo aos disc\u00edpulos do Ap\u00f3stolo, garda para si, como demostra a s\u00faa pervivencia no imaxinario popular, a xurisdici\u00f3n sobre o fant\u00e1stico.<\/span><\/p>\n","protected":false},"excerpt":{"rendered":"<p>O Xacobeo de 2021 \u00e9 o m\u00e1is pr\u00f3ximo a unha tripla efem\u00e9ride: c\u00famprense aproximadamente 900 anos do inicio dos traballos no C\u00f3dice Calixtino, 899 dende o primeiro Ano Santo e 901 desde a elevaci\u00f3n de Compostela a s\u00e9 metropolitana. Ademais, hai un interesante paralelismo entre aquel tempo e o presente: se en tempos de Xelm\u00edrez o Cami\u00f1o de Santiago adquiriu unha nova dimensi\u00f3n, probablemente iniciada co ascenso do catoirense ao cargo de administrador da di\u00f3cese en 1093, no ano 1993 o Xacobeo proxectouse al\u00e9n do feito relixioso para se transformar nun fen\u00f3meno cultural a nivel internacional. Do mesmo xeito que a celebraci\u00f3n do primeiro Ano Xubilar en 1122 lle conferiu unha maior transcendencia \u00e1s peregrinaci\u00f3ns a Santiago; para o 2021 a Xunta decidiu afondar na nova significaci\u00f3n do Xacobeo para achegalo \u00e1 sociedade do s\u00e9culo XXI. <\/p>\n","protected":false},"author":0,"featured_media":500,"comment_status":"open","ping_status":"open","sticky":false,"template":"","format":"standard","meta":{"footnotes":""},"categories":[37],"tags":[],"class_list":["post-398","post","type-post","status-publish","format-standard","has-post-thumbnail","hentry","category-o-proxecto"],"_links":{"self":[{"href":"https:\/\/galike.net\/codex21\/wp-json\/wp\/v2\/posts\/398","targetHints":{"allow":["GET"]}}],"collection":[{"href":"https:\/\/galike.net\/codex21\/wp-json\/wp\/v2\/posts"}],"about":[{"href":"https:\/\/galike.net\/codex21\/wp-json\/wp\/v2\/types\/post"}],"replies":[{"embeddable":true,"href":"https:\/\/galike.net\/codex21\/wp-json\/wp\/v2\/comments?post=398"}],"version-history":[{"count":0,"href":"https:\/\/galike.net\/codex21\/wp-json\/wp\/v2\/posts\/398\/revisions"}],"wp:featuredmedia":[{"embeddable":true,"href":"https:\/\/galike.net\/codex21\/wp-json\/wp\/v2\/media\/500"}],"wp:attachment":[{"href":"https:\/\/galike.net\/codex21\/wp-json\/wp\/v2\/media?parent=398"}],"wp:term":[{"taxonomy":"category","embeddable":true,"href":"https:\/\/galike.net\/codex21\/wp-json\/wp\/v2\/categories?post=398"},{"taxonomy":"post_tag","embeddable":true,"href":"https:\/\/galike.net\/codex21\/wp-json\/wp\/v2\/tags?post=398"}],"curies":[{"name":"wp","href":"https:\/\/api.w.org\/{rel}","templated":true}]}}