{"id":1289,"date":"2020-10-26T19:33:00","date_gmt":"2020-10-26T18:33:00","guid":{"rendered":"https:\/\/codex21.gal\/?p=1289"},"modified":"2020-10-29T13:07:33","modified_gmt":"2020-10-29T12:07:33","slug":"guia-do-peregrino-traballo-cpi-antonio-orza-couto-boqueixon","status":"publish","type":"post","link":"https:\/\/galike.net\/codex21\/2020\/10\/26\/guia-do-peregrino-traballo-cpi-antonio-orza-couto-boqueixon\/","title":{"rendered":"Gu\u00eda do Peregrino &#8211; Traballo realizado polo alumnado de 3\u00baESO do CPI Antonio Orza Couto (Boqueix\u00f3n)"},"content":{"rendered":"<p>Baixo estas li\u00f1as adx\u00fantase un traballo realizado polo alumnado de 3\u00ba da ESO do instituto Antonio Orza Couto, de Boqueix\u00f3n, baixo a direci\u00f3n da s\u00faa profesora de Xeograf\u00eda e Historia, Nieves Dom\u00ednguez del R\u00edo. O seu traballo \u00e9 moi interesante por canto mestura unha indagaci\u00f3n documental sobre o Libro V do C\u00f3dice Calixtino, a Gu\u00eda do Peregrino, coa exploraci\u00f3n do territorio que rodea o seu centro educativo, situado precisamente no concello de Boqueix\u00f3n, ao p\u00e9 do Pico Sacro.<\/p>\n<p>O resultado \u00e9 unha mostra do esp\u00edrito do proxecto CodeX21: voltar a mirada \u00e1 historia e facela presente, e partir do presente para identificar o xeito en que unha paisaxe f\u00edsica foi conformando ao longo do tempo unhas condici\u00f3ns de vida e unha cultura que se manifesta en m\u00faltiples estratos: dende o m\u00e1is intanxible, como a toponimia e a tradici\u00f3n oral, ata a materialidade das obras arquitect\u00f3nicas ou o propio trazado dos cami\u00f1os. Esta invitaci\u00f3n a co\u00f1ecer o pr\u00f3ximo para comprender o afastado, de preguntarse pola orixe real ou m\u00edtica dos elementos que conforman a nosa cultura e buscar as s\u00faas ra\u00edces na paisaxe que podemos ver polas fiestras das aulas, \u00e9 o celme de CodeX21, e por tanto, quero facer un agradecemento moi especial aos alumnos e alumnas deste grupo e \u00e1 s\u00faa profesora.<\/p>\n<p>Tam\u00e9n quero agradecer o seu interese a outros profesores e profesoras do mesmo centro, que estaban preparando actividades pero, por mor da irrupci\u00f3n da pandemia de COVID non puideron levalas a t\u00e9rmino, e de xeito especial ao director do centro, Jos\u00e9 Manuel Silva Rodr\u00edguez, por promover a participaci\u00f3n do instituto no proxecto e organizar a reuni\u00f3n preparatoria.<\/p>\n<p>&nbsp;<\/p>\n<p><a href=\"https:\/\/codex21.gal\/wp-content\/uploads\/sites\/9\/2020\/10\/CPI-Antonio-Orza-Couto-3-ESO-Xeografia-e-Historia-Gui\u0301a-do-Peregrino-CodeX21.pdf\"><img loading=\"lazy\" decoding=\"async\" class=\"aligncenter wp-image-1291 size-large\" src=\"https:\/\/codex21.gal\/wp-content\/uploads\/sites\/9\/2020\/10\/CPI-Antonio-Orza-Couto-Gui\u0301a-do-Peregrino-737x1024.jpg\" alt=\"\" width=\"737\" height=\"1024\" srcset=\"https:\/\/galike.net\/codex21\/wp-content\/uploads\/sites\/9\/2020\/10\/CPI-Antonio-Orza-Couto-Gui\u0301a-do-Peregrino-737x1024.jpg 737w, https:\/\/galike.net\/codex21\/wp-content\/uploads\/sites\/9\/2020\/10\/CPI-Antonio-Orza-Couto-Gui\u0301a-do-Peregrino-216x300.jpg 216w, https:\/\/galike.net\/codex21\/wp-content\/uploads\/sites\/9\/2020\/10\/CPI-Antonio-Orza-Couto-Gui\u0301a-do-Peregrino-768x1067.jpg 768w, https:\/\/galike.net\/codex21\/wp-content\/uploads\/sites\/9\/2020\/10\/CPI-Antonio-Orza-Couto-Gui\u0301a-do-Peregrino.jpg 1000w\" sizes=\"auto, (max-width: 737px) 100vw, 737px\" \/><\/a><\/p>\n","protected":false},"excerpt":{"rendered":"<p>Baixo estas li\u00f1as adx\u00fantase un traballo realizado polo alumnado de 3\u00ba da ESO do instituto Antonio Orza Couto, de Boqueix\u00f3n, baixo a direci\u00f3n da s\u00faa profesora de Xeograf\u00eda e Historia,<\/p>\n","protected":false},"author":3,"featured_media":1290,"comment_status":"open","ping_status":"closed","sticky":false,"template":"","format":"standard","meta":{"footnotes":""},"categories":[7,20,30,87],"tags":[],"class_list":["post-1289","post","type-post","status-publish","format-standard","has-post-thumbnail","hentry","category-actividades-libro-v","category-actividades-lingua-galega-literatura","category-actividades-xeografia-historia","category-traballos-feitos-polos-centros-de-ensino"],"_links":{"self":[{"href":"https:\/\/galike.net\/codex21\/wp-json\/wp\/v2\/posts\/1289","targetHints":{"allow":["GET"]}}],"collection":[{"href":"https:\/\/galike.net\/codex21\/wp-json\/wp\/v2\/posts"}],"about":[{"href":"https:\/\/galike.net\/codex21\/wp-json\/wp\/v2\/types\/post"}],"author":[{"embeddable":true,"href":"https:\/\/galike.net\/codex21\/wp-json\/wp\/v2\/users\/3"}],"replies":[{"embeddable":true,"href":"https:\/\/galike.net\/codex21\/wp-json\/wp\/v2\/comments?post=1289"}],"version-history":[{"count":0,"href":"https:\/\/galike.net\/codex21\/wp-json\/wp\/v2\/posts\/1289\/revisions"}],"wp:featuredmedia":[{"embeddable":true,"href":"https:\/\/galike.net\/codex21\/wp-json\/wp\/v2\/media\/1290"}],"wp:attachment":[{"href":"https:\/\/galike.net\/codex21\/wp-json\/wp\/v2\/media?parent=1289"}],"wp:term":[{"taxonomy":"category","embeddable":true,"href":"https:\/\/galike.net\/codex21\/wp-json\/wp\/v2\/categories?post=1289"},{"taxonomy":"post_tag","embeddable":true,"href":"https:\/\/galike.net\/codex21\/wp-json\/wp\/v2\/tags?post=1289"}],"curies":[{"name":"wp","href":"https:\/\/api.w.org\/{rel}","templated":true}]}}